{"id":29141,"date":"2019-03-09T16:33:51","date_gmt":"2019-03-09T15:33:51","guid":{"rendered":"http:\/\/qz3j6take.preview.infomaniak.website\/?p=29141"},"modified":"2020-01-21T13:42:52","modified_gmt":"2020-01-21T12:42:52","slug":"150-ans-cdd","status":"publish","type":"post","link":"https:\/\/www.corpsdedieu.ch\/?p=29141","title":{"rendered":"150 ans pour le Corps de Dieu"},"content":{"rendered":"<p>[et_pb_section fb_built=\u00a0\u00bb1&Prime; _builder_version=\u00a0\u00bb3.22&Prime; custom_padding=\u00a0\u00bb27px|0px|67px|0px|false|false\u00a0\u00bb][et_pb_row _builder_version=\u00a0\u00bb3.25&Prime; custom_padding=\u00a0\u00bb0|0px|0|0px|false|false\u00a0\u00bb][et_pb_column type=\u00a0\u00bb4_4&Prime; _builder_version=\u00a0\u00bb3.25&Prime; custom_padding=\u00a0\u00bb|||\u00a0\u00bb custom_padding__hover=\u00a0\u00bb|||\u00a0\u00bb][et_pb_gallery gallery_ids=\u00a0\u00bb29154,29153,29152,29151&Prime; show_title_and_caption=\u00a0\u00bboff\u00a0\u00bb _builder_version=\u00a0\u00bb3.20.1&Prime;][\/et_pb_gallery][\/et_pb_column][\/et_pb_row][et_pb_row _builder_version=\u00a0\u00bb3.25&Prime; custom_padding=\u00a0\u00bb0|0px|0|0px|false|false\u00a0\u00bb][et_pb_column type=\u00a0\u00bb4_4&Prime; _builder_version=\u00a0\u00bb3.25&Prime; custom_padding=\u00a0\u00bb|||\u00a0\u00bb custom_padding__hover=\u00a0\u00bb|||\u00a0\u00bb][et_pb_text _builder_version=\u00a0\u00bb3.27.4&Prime;]<\/p>\n<p><a href=\"http:\/\/album.corpsdedieu.ch\/index.php?\/category\/2\">D\u00e9couvrir l&rsquo;album photos des festivit\u00e9s des 150 ans<\/a>.<\/p>\n<p>[\/et_pb_text][\/et_pb_column][\/et_pb_row][et_pb_row _builder_version=\u00a0\u00bb3.25&Prime; custom_padding=\u00a0\u00bb30px|0px|27px|0px|false|false\u00a0\u00bb][et_pb_column type=\u00a0\u00bb4_4&Prime; _builder_version=\u00a0\u00bb3.25&Prime; custom_padding=\u00a0\u00bb|||\u00a0\u00bb custom_padding__hover=\u00a0\u00bb|||\u00a0\u00bb][et_pb_text _builder_version=\u00a0\u00bb3.27.4&Prime;]<\/p>\n<p style=\"text-align: justify;\">Fin mai 2018, la Soci\u00e9t\u00e9 du Corps de Dieu a eu le plaisir de convier la population chippiarde \u00e0 l&rsquo;occasion de ses 150 ans. Jubil\u00e9 qui co\u00efncidait avec la F\u00eate Dieu 2018.<\/p>\n<p style=\"text-align: justify;\">Afin de marquer le coup, la Soci\u00e9t\u00e9 a organis\u00e9 comme \u00e0 l\u2019accoutum\u00e9 la F\u00eate Dieu le jeudi 31 mai et a en soir\u00e9e ouvert aux citoyens de la commune les portes des caves entourant la place du village. Cet anniversaire sp\u00e9cial a \u00e9t\u00e9 marqu\u00e9 par une deuxi\u00e8me soir\u00e9e festive le lendemain, vendredi 1er juin, dans le c\u0153ur du vieux village. Cette seconde journ\u00e9e festive, qui a d\u00e9but\u00e9 d\u00e8s 17 heures, a notamment plu aux gourmands qui ont pu se d\u00e9lecter de raclettes et de grillades. Ils ont ensuite pu dig\u00e9rer leur repas en d\u00e9couvrant un court m\u00e9trage original et en participant au bal conduit par les Tontons Bastons.<br \/><a href=\"https:\/\/www.lenouvelliste.ch\/articles\/lifestyle\/sortir\/la-societe-du-corps-de-dieu-celebre-ses-150-ans-d-existence-cette-semaine-a-chippis-760453\">Lire l&rsquo;article du Nouvelliste r\u00e9alis\u00e9 en amont des festivit\u00e9s<\/a>.<\/p>\n<p>[\/et_pb_text][\/et_pb_column][\/et_pb_row][\/et_pb_section]<\/p>\n","protected":false},"excerpt":{"rendered":"<p>D\u00e9couvrir l&rsquo;album photos des festivit\u00e9s des 150 ans.Fin mai 2018, la Soci\u00e9t\u00e9 du Corps de Dieu a eu le plaisir de convier la population chippiarde \u00e0 l&rsquo;occasion de ses 150 ans. Jubil\u00e9 qui co\u00efncidait avec la F\u00eate Dieu 2018. Afin de marquer le coup, la Soci\u00e9t\u00e9 a organis\u00e9 comme \u00e0 l\u2019accoutum\u00e9 la F\u00eate Dieu le [&hellip;]<\/p>\n","protected":false},"author":1,"featured_media":29151,"comment_status":"closed","ping_status":"closed","sticky":false,"template":"","format":"standard","meta":{"_et_pb_use_builder":"on","_et_pb_old_content":"","_et_gb_content_width":"","footnotes":""},"categories":[13,14],"tags":[],"class_list":["post-29141","post","type-post","status-publish","format-standard","has-post-thumbnail","hentry","category-fete-dieu","category-jubile"],"_links":{"self":[{"href":"https:\/\/www.corpsdedieu.ch\/index.php?rest_route=\/wp\/v2\/posts\/29141","targetHints":{"allow":["GET"]}}],"collection":[{"href":"https:\/\/www.corpsdedieu.ch\/index.php?rest_route=\/wp\/v2\/posts"}],"about":[{"href":"https:\/\/www.corpsdedieu.ch\/index.php?rest_route=\/wp\/v2\/types\/post"}],"author":[{"embeddable":true,"href":"https:\/\/www.corpsdedieu.ch\/index.php?rest_route=\/wp\/v2\/users\/1"}],"replies":[{"embeddable":true,"href":"https:\/\/www.corpsdedieu.ch\/index.php?rest_route=%2Fwp%2Fv2%2Fcomments&post=29141"}],"version-history":[{"count":20,"href":"https:\/\/www.corpsdedieu.ch\/index.php?rest_route=\/wp\/v2\/posts\/29141\/revisions"}],"predecessor-version":[{"id":29556,"href":"https:\/\/www.corpsdedieu.ch\/index.php?rest_route=\/wp\/v2\/posts\/29141\/revisions\/29556"}],"wp:featuredmedia":[{"embeddable":true,"href":"https:\/\/www.corpsdedieu.ch\/index.php?rest_route=\/wp\/v2\/media\/29151"}],"wp:attachment":[{"href":"https:\/\/www.corpsdedieu.ch\/index.php?rest_route=%2Fwp%2Fv2%2Fmedia&parent=29141"}],"wp:term":[{"taxonomy":"category","embeddable":true,"href":"https:\/\/www.corpsdedieu.ch\/index.php?rest_route=%2Fwp%2Fv2%2Fcategories&post=29141"},{"taxonomy":"post_tag","embeddable":true,"href":"https:\/\/www.corpsdedieu.ch\/index.php?rest_route=%2Fwp%2Fv2%2Ftags&post=29141"}],"curies":[{"name":"wp","href":"https:\/\/api.w.org\/{rel}","templated":true}]}}