{"id":29174,"date":"2019-03-09T18:10:49","date_gmt":"2019-03-09T17:10:49","guid":{"rendered":"http:\/\/qz3j6take.preview.infomaniak.website\/?p=29174"},"modified":"2019-03-24T09:53:38","modified_gmt":"2019-03-24T08:53:38","slug":"court-metrage-a-loccasion-des-150-ans","status":"publish","type":"post","link":"https:\/\/www.corpsdedieu.ch\/?p=29174","title":{"rendered":"Court-m\u00e9trage \u00e0 l&rsquo;occasion des 150 ans"},"content":{"rendered":"<p>[et_pb_section fb_built=\u00a0\u00bb1&Prime; _builder_version=\u00a0\u00bb3.20.1&Prime; custom_padding=\u00a0\u00bb30px|0px|67px|0px|false|false\u00a0\u00bb][et_pb_row custom_padding=\u00a0\u00bb0|0px|27px|0px|false|false\u00a0\u00bb _builder_version=\u00a0\u00bb3.20.1&Prime;][et_pb_column type=\u00a0\u00bb4_4&Prime; _builder_version=\u00a0\u00bb3.20.1&Prime;][et_pb_gallery gallery_ids=\u00a0\u00bb29180&Prime; show_title_and_caption=\u00a0\u00bboff\u00a0\u00bb _builder_version=\u00a0\u00bb3.20.1&Prime; pagination_font=\u00a0\u00bb||||||||\u00a0\u00bb pagination_text_align=\u00a0\u00bbcenter\u00a0\u00bb][\/et_pb_gallery][et_pb_text admin_label=\u00a0\u00bbTexte\u00a0\u00bb _builder_version=\u00a0\u00bb3.20.1&Prime;]<\/p>\n<p style=\"text-align: justify;\">Le comit\u00e9 d&rsquo;organisation des <a href=\"?p=29141\">festivit\u00e9s des 150 ans du Corps de Dieu<\/a> a mandat\u00e9 le collectif chippiard <a href=\"https:\/\/www.youtube.com\/channel\/UCoGEEKzGrWOGbj-9m1xQgSA\">JAZ Production<\/a> pour la r\u00e9alisation d&rsquo;un court m\u00e9trage (\u00e0 voir ci-dessous) dans le cadre du jubil\u00e9 de la Soci\u00e9t\u00e9. Nombre des membres de JAZ Production font partie de la Confr\u00e9rie.<\/p>\n<p style=\"text-align: justify;\">Tr\u00e8s inspir\u00e9s les jeunes confr\u00e8res ont sc\u00e9naris\u00e9, tourn\u00e9, mont\u00e9 et mix\u00e9 un film de plus de 15 minutes. Celui-ci a \u00e9t\u00e9 diffus\u00e9 sur la place du village de Chippis \u00e0 l&rsquo;occasion des festivit\u00e9s du vendredi 1er juin 2018. D\u00e8s l&rsquo;entame du film, on y distingue rapidement les excellentes capacit\u00e9s de jeu du comit\u00e9 d&rsquo;organisation (\u00e9largi) qui officie tout au long de la production.<\/p>\n<p style=\"text-align: justify;\">Sans trop vous d\u00e9voiler le sc\u00e9nario, les Pr\u00e9sidents du Corps de Dieu anciens, pr\u00e9sent et futur(!) se retrouvent et luttent face \u00e0 l&rsquo;envahisseur chalaisard.<\/p>\n<p style=\"text-align: justify;\">\n<p style=\"text-align: justify;\">\n<p>[\/et_pb_text][et_pb_video _builder_version=\u00a0\u00bb3.20.2&Prime; admin_label=\u00a0\u00bbVid\u00e9o\u00a0\u00bb src=\u00a0\u00bbhttps:\/\/www.corpsdedieu.ch\/wp-content\/uploads\/2019\/03\/Corpus-Dei-JAZ-Production.mp4&Prime;][\/et_pb_video][\/et_pb_column][\/et_pb_row][\/et_pb_section]<\/p>\n","protected":false},"excerpt":{"rendered":"<p>Le comit\u00e9 d&rsquo;organisation des festivit\u00e9s des 150 ans du Corps de Dieu a mandat\u00e9 le collectif chippiard JAZ Production pour la r\u00e9alisation d&rsquo;un court m\u00e9trage (\u00e0 voir ci-dessous) dans le cadre du jubil\u00e9 de la Soci\u00e9t\u00e9. Nombre des membres de JAZ Production font partie de la Confr\u00e9rie. Tr\u00e8s inspir\u00e9s les jeunes confr\u00e8res ont sc\u00e9naris\u00e9, tourn\u00e9, [&hellip;]<\/p>\n","protected":false},"author":1,"featured_media":29180,"comment_status":"closed","ping_status":"closed","sticky":false,"template":"","format":"standard","meta":{"_et_pb_use_builder":"on","_et_pb_old_content":"","_et_gb_content_width":"","footnotes":""},"categories":[13,14],"tags":[],"class_list":["post-29174","post","type-post","status-publish","format-standard","has-post-thumbnail","hentry","category-fete-dieu","category-jubile"],"_links":{"self":[{"href":"https:\/\/www.corpsdedieu.ch\/index.php?rest_route=\/wp\/v2\/posts\/29174","targetHints":{"allow":["GET"]}}],"collection":[{"href":"https:\/\/www.corpsdedieu.ch\/index.php?rest_route=\/wp\/v2\/posts"}],"about":[{"href":"https:\/\/www.corpsdedieu.ch\/index.php?rest_route=\/wp\/v2\/types\/post"}],"author":[{"embeddable":true,"href":"https:\/\/www.corpsdedieu.ch\/index.php?rest_route=\/wp\/v2\/users\/1"}],"replies":[{"embeddable":true,"href":"https:\/\/www.corpsdedieu.ch\/index.php?rest_route=%2Fwp%2Fv2%2Fcomments&post=29174"}],"version-history":[{"count":10,"href":"https:\/\/www.corpsdedieu.ch\/index.php?rest_route=\/wp\/v2\/posts\/29174\/revisions"}],"predecessor-version":[{"id":29417,"href":"https:\/\/www.corpsdedieu.ch\/index.php?rest_route=\/wp\/v2\/posts\/29174\/revisions\/29417"}],"wp:featuredmedia":[{"embeddable":true,"href":"https:\/\/www.corpsdedieu.ch\/index.php?rest_route=\/wp\/v2\/media\/29180"}],"wp:attachment":[{"href":"https:\/\/www.corpsdedieu.ch\/index.php?rest_route=%2Fwp%2Fv2%2Fmedia&parent=29174"}],"wp:term":[{"taxonomy":"category","embeddable":true,"href":"https:\/\/www.corpsdedieu.ch\/index.php?rest_route=%2Fwp%2Fv2%2Fcategories&post=29174"},{"taxonomy":"post_tag","embeddable":true,"href":"https:\/\/www.corpsdedieu.ch\/index.php?rest_route=%2Fwp%2Fv2%2Ftags&post=29174"}],"curies":[{"name":"wp","href":"https:\/\/api.w.org\/{rel}","templated":true}]}}